{"id":13925,"date":"2025-02-11T10:31:57","date_gmt":"2025-02-11T09:31:57","guid":{"rendered":"https:\/\/luminussolutions.be\/?p=13925"},"modified":"2025-02-11T10:38:13","modified_gmt":"2025-02-11T09:38:13","slug":"partenariat-sambreville-renovation-energetique-hotel-de-ville","status":"publish","type":"post","link":"https:\/\/luminussolutions.be\/fr\/partenariat-sambreville-renovation-energetique-hotel-de-ville\/","title":{"rendered":"Luminus Solutions conclut un partenariat avec Sambreville pour la r\u00e9novation \u00e9nerg\u00e9tique de l&rsquo;h\u00f4tel de ville, avec garanties de performance"},"content":{"rendered":"<p><b><span data-contrast=\"auto\">Fin 2024, Luminus Solutions a sign\u00e9 un nouveau contrat de performance \u00e9nerg\u00e9tique avec la Ville de Sambreville pour la r\u00e9novation \u00e9nerg\u00e9tique de son H\u00f4tel de Ville. Le projet\u00a0 s\u2019inscrit dans les ambitions climatiques de la ville et a \u00e9t\u00e9 d\u00e9velopp\u00e9 dans le cadre du programme R\u00e9noWatt du Wallonie Entreprendre. Il vise \u00e0 am\u00e9liorer significativement l\u2019efficacit\u00e9 \u00e9nerg\u00e9tique du b\u00e2timent tout en r\u00e9duisant son empreinte carbone et en augmentant le confort pour les utilisateurs.<\/span><\/b><span data-ccp-props=\"{&quot;335551550&quot;:6,&quot;335551620&quot;:6}\">\u00a0<\/span><\/p>\n<p><span data-contrast=\"auto\">La Ville de Sambreville s\u2019engage depuis de nombreuses ann\u00e9es dans une d\u00e9marche \u00e0 la fois visionnaire et d\u00e9termin\u00e9e pour lutter contre le r\u00e9chauffement climatique. Depuis plus de 15 ans, la ville investit significativement dans des projets \u00e9nerg\u00e9tiques et la r\u00e9novation de l\u2019H\u00f4tel de Ville s\u2019int\u00e8gre pleinement dans cette vision.\u00a0<\/span><span data-ccp-props=\"{&quot;335551550&quot;:6,&quot;335551620&quot;:6}\">\u00a0<\/span><\/p>\n<p><span data-contrast=\"auto\">Au cours des prochaines ann\u00e9es, l&rsquo;h\u00f4tel de ville de Sambreville subira une transformation \u00e9nerg\u00e9tique radicale. Avec un investissement total de 5 millions d&rsquo;euros, le projet garantit des \u00e9conomies d&rsquo;\u00e9nergie mesurables et v\u00e9rifiables \u00e0 long terme, soit une r\u00e9duction de 70 % de la consommation d&rsquo;\u00e9nergie et de 52 % des \u00e9missions de CO<\/span><span data-contrast=\"auto\">2<\/span><span data-contrast=\"auto\">.<\/span><span data-ccp-props=\"{&quot;335551550&quot;:6,&quot;335551620&quot;:6}\">\u00a0<\/span><\/p>\n<h2><b><span data-contrast=\"auto\">Un ensemble de travaux pour une efficacit\u00e9 \u00e9nerg\u00e9tique optimale<\/span><\/b><span data-ccp-props=\"{&quot;335551550&quot;:6,&quot;335551620&quot;:6}\">\u00a0<\/span><\/h2>\n<p><span data-contrast=\"auto\">Les travaux, qui seront effectu\u00e9s au cours de 2026, incluront entre autres<\/span><span data-ccp-props=\"{&quot;335551550&quot;:6,&quot;335551620&quot;:6}\">\u00a0<\/span><\/p>\n<ul>\n<li data-leveltext=\"-\" data-font=\"Aptos\" data-listid=\"3\" data-list-defn-props=\"{&quot;335551671&quot;:6,&quot;335552541&quot;:1,&quot;335559685&quot;:720,&quot;335559991&quot;:360,&quot;469769226&quot;:&quot;Aptos&quot;,&quot;469769242&quot;:[8226],&quot;469777803&quot;:&quot;left&quot;,&quot;469777804&quot;:&quot;-&quot;,&quot;469777815&quot;:&quot;hybridMultilevel&quot;}\" aria-setsize=\"-1\" data-aria-posinset=\"11\" data-aria-level=\"1\"><span data-contrast=\"auto\">l\u2019isolation de plus de 1.000m\u00b2 de fa\u00e7ades et de toitures,\u00a0<\/span><span data-ccp-props=\"{&quot;335551550&quot;:6,&quot;335551620&quot;:6}\">\u00a0<\/span><\/li>\n<\/ul>\n<ul>\n<li data-leveltext=\"-\" data-font=\"Aptos\" data-listid=\"3\" data-list-defn-props=\"{&quot;335551671&quot;:6,&quot;335552541&quot;:1,&quot;335559685&quot;:720,&quot;335559991&quot;:360,&quot;469769226&quot;:&quot;Aptos&quot;,&quot;469769242&quot;:[8226],&quot;469777803&quot;:&quot;left&quot;,&quot;469777804&quot;:&quot;-&quot;,&quot;469777815&quot;:&quot;hybridMultilevel&quot;}\" aria-setsize=\"-1\" data-aria-posinset=\"12\" data-aria-level=\"1\"><span data-contrast=\"auto\">le remplacement de presque 500m\u00b2 de ch\u00e2ssis et de portes par des mod\u00e8les \u00e0 double vitrage performants,<\/span><span data-ccp-props=\"{&quot;335551550&quot;:6,&quot;335551620&quot;:6}\">\u00a0<\/span><\/li>\n<\/ul>\n<ul>\n<li data-leveltext=\"-\" data-font=\"Aptos\" data-listid=\"3\" data-list-defn-props=\"{&quot;335551671&quot;:6,&quot;335552541&quot;:1,&quot;335559685&quot;:720,&quot;335559991&quot;:360,&quot;469769226&quot;:&quot;Aptos&quot;,&quot;469769242&quot;:[8226],&quot;469777803&quot;:&quot;left&quot;,&quot;469777804&quot;:&quot;-&quot;,&quot;469777815&quot;:&quot;hybridMultilevel&quot;}\" aria-setsize=\"-1\" data-aria-posinset=\"13\" data-aria-level=\"1\"><span data-contrast=\"auto\">l&rsquo;installation de panneaux photovolta\u00efques d&rsquo;une capacit\u00e9 de 88 kWc<\/span><span data-ccp-props=\"{&quot;335551550&quot;:6,&quot;335551620&quot;:6}\">\u00a0<\/span><\/li>\n<\/ul>\n<ul>\n<li data-leveltext=\"-\" data-font=\"Aptos\" data-listid=\"3\" data-list-defn-props=\"{&quot;335551671&quot;:6,&quot;335552541&quot;:1,&quot;335559685&quot;:720,&quot;335559991&quot;:360,&quot;469769226&quot;:&quot;Aptos&quot;,&quot;469769242&quot;:[8226],&quot;469777803&quot;:&quot;left&quot;,&quot;469777804&quot;:&quot;-&quot;,&quot;469777815&quot;:&quot;hybridMultilevel&quot;}\" aria-setsize=\"-1\" data-aria-posinset=\"14\" data-aria-level=\"1\"><span data-contrast=\"auto\">l\u2019optimisation de l\u2019\u00e9clairage (relamping) et de la ventilation<\/span><span data-ccp-props=\"{&quot;335551550&quot;:6,&quot;335551620&quot;:6}\">\u00a0<\/span><\/li>\n<\/ul>\n<p><span data-contrast=\"auto\">De plus, le chauffage \u00e9lectrique actuel sera remplac\u00e9 par un syst\u00e8me de chauffage reli\u00e9 \u00e0 la chaufferie de la piscine voisine, laquelle sera aliment\u00e9e par un futur r\u00e9seau de chaleur.<\/span><span data-ccp-props=\"{&quot;335551550&quot;:6,&quot;335551620&quot;:6}\">\u00a0<\/span><\/p>\n<p><span data-contrast=\"auto\">Un syst\u00e8me de gestion technique centralis\u00e9e (GTC) permettra de suivre en temps r\u00e9el la consommation d&rsquo;\u00e9nergie et d&rsquo;ajuster les syst\u00e8mes de chauffage, d&rsquo;\u00e9clairage et de ventilation et de d\u00e9tecter rapidement les dysfonctionnements, pour une efficacit\u00e9 maximale. Et pour assurer la durabilit\u00e9 des \u00e9quipements install\u00e9es, un plan de maintenance pr\u00e9ventive sera mis en place.<\/span><span data-ccp-props=\"{&quot;335551550&quot;:6,&quot;335551620&quot;:6}\">\u00a0<\/span><\/p>\n<p><span data-contrast=\"auto\">Outre les optimisations \u00e9nerg\u00e9tiques, l&rsquo;int\u00e9rieur de l&rsquo;h\u00f4tel de ville sera \u00e9galement r\u00e9am\u00e9nag\u00e9. La zone de r\u00e9ception, sous la forme d&rsquo;un patio avec un toit en verre, sera enti\u00e8rement modernis\u00e9e afin d&rsquo;augmenter le niveau de confort et d&rsquo;offrir un accueil agr\u00e9able aux citoyens.<\/span><span data-ccp-props=\"{&quot;335551550&quot;:6,&quot;335551620&quot;:6}\">\u00a0<\/span><\/p>\n<h2><b><span data-contrast=\"auto\">L\u2019engagement durable de Luminus Solutions<\/span><\/b><span data-ccp-props=\"{&quot;335551550&quot;:6,&quot;335551620&quot;:6}\">\u00a0<\/span><\/h2>\n<p><span data-contrast=\"auto\">Avec ce CPE, Luminus Solutions s&rsquo;engage \u00e0 maintenir les installations en bon \u00e9tat et \u00e0 assurer des \u00e9conomies d&rsquo;\u00e9nergie mesurables et v\u00e9rifiables \u00e0 long terme, tout en encourageant les utilisateurs du b\u00e2timent \u00e0 adopter un comportement \u00e9cologiquement responsable. Avec une r\u00e9duction de 70% de la consommation d&rsquo;\u00e9nergie primaire du site et de 52% des \u00e9missions de gaz \u00e0 effet de serre, le contrat permettra de r\u00e9duire significativement l&#8217;empreinte \u00e9cologique de l&rsquo;h\u00f4tel de ville.<\/span><span data-ccp-props=\"{&quot;335551550&quot;:6,&quot;335551620&quot;:6}\">\u00a0<\/span><\/p>\n<p><span data-contrast=\"auto\">Avec ce nouveau projet, qui s&rsquo;inscrit clairement dans sa vision plus large du d\u00e9veloppement durable, la ville confirme son engagement \u00e0 devenir un acteur mod\u00e8le en mati\u00e8re d&rsquo;efficacit\u00e9 \u00e9nerg\u00e9tique et de durabilit\u00e9.<\/span><span data-ccp-props=\"{&quot;335551550&quot;:6,&quot;335551620&quot;:6}\">\u00a0<\/span><\/p>\n","protected":false},"excerpt":{"rendered":"<p>Fin 2024, Luminus Solutions a sign\u00e9 un nouveau contrat de performance \u00e9nerg\u00e9tique avec la Ville de Sambreville pour la r\u00e9novation \u00e9nerg\u00e9tique de son H\u00f4tel de Ville. Le projet\u00a0 s\u2019inscrit dans les ambitions climatiques de la ville et a \u00e9t\u00e9 d\u00e9velopp\u00e9 dans le cadre du programme R\u00e9noWatt du Wallonie Entreprendre. Il vise \u00e0 am\u00e9liorer significativement l\u2019efficacit\u00e9 [&hellip;]<\/p>\n","protected":false},"author":1,"featured_media":13923,"comment_status":"closed","ping_status":"open","sticky":false,"template":"","format":"standard","meta":{"_acf_changed":false,"_et_pb_use_builder":"","_et_pb_old_content":"","_et_gb_content_width":"","inline_featured_image":false,"iawp_total_views":52,"footnotes":""},"categories":[3],"tags":[],"class_list":["post-13925","post","type-post","status-publish","format-standard","has-post-thumbnail","hentry","category-non-classifiee"],"acf":[],"_links":{"self":[{"href":"https:\/\/luminussolutions.be\/fr\/wp-json\/wp\/v2\/posts\/13925","targetHints":{"allow":["GET"]}}],"collection":[{"href":"https:\/\/luminussolutions.be\/fr\/wp-json\/wp\/v2\/posts"}],"about":[{"href":"https:\/\/luminussolutions.be\/fr\/wp-json\/wp\/v2\/types\/post"}],"author":[{"embeddable":true,"href":"https:\/\/luminussolutions.be\/fr\/wp-json\/wp\/v2\/users\/1"}],"replies":[{"embeddable":true,"href":"https:\/\/luminussolutions.be\/fr\/wp-json\/wp\/v2\/comments?post=13925"}],"version-history":[{"count":0,"href":"https:\/\/luminussolutions.be\/fr\/wp-json\/wp\/v2\/posts\/13925\/revisions"}],"wp:featuredmedia":[{"embeddable":true,"href":"https:\/\/luminussolutions.be\/fr\/wp-json\/wp\/v2\/media\/13923"}],"wp:attachment":[{"href":"https:\/\/luminussolutions.be\/fr\/wp-json\/wp\/v2\/media?parent=13925"}],"wp:term":[{"taxonomy":"category","embeddable":true,"href":"https:\/\/luminussolutions.be\/fr\/wp-json\/wp\/v2\/categories?post=13925"},{"taxonomy":"post_tag","embeddable":true,"href":"https:\/\/luminussolutions.be\/fr\/wp-json\/wp\/v2\/tags?post=13925"}],"curies":[{"name":"wp","href":"https:\/\/api.w.org\/{rel}","templated":true}]}}